{"id":7267,"date":"2023-09-16T00:46:36","date_gmt":"2023-09-16T03:46:36","guid":{"rendered":"http:\/\/juventudes.social.mg.gov.br\/?p=7267"},"modified":"2023-09-16T15:45:13","modified_gmt":"2023-09-16T18:45:13","slug":"semana-estadual-das-juventudes-2023","status":"publish","type":"post","link":"https:\/\/juventudes.social.mg.gov.br\/?p=7267","title":{"rendered":"Semana Estadual das Juventudes 2023"},"content":{"rendered":"\n<p>A Semana Estadual das Juventudes \u00e9 um evento que acontece todo ano de 12 a 18 de agosto, por defini\u00e7\u00e3o em Lei. Em 2023 foi promovido pela Secretaria de Estado de Desenvolvimento Social, coordenado e organizado pela Subsecretaria de Direitos Humanos, com a parceria de diversas secretarias de estado, do Conselho Estadual de Juventude (Cejuve MG), e de diversos outros apoiadores.<\/p>\n\n\n\n<figure class=\"wp-block-gallery has-nested-images columns-default is-cropped alignwide wp-block-gallery-1 is-layout-flex wp-block-gallery-is-layout-flex\">\n<figure class=\"wp-block-image size-full\"><img fetchpriority=\"high\" decoding=\"async\" width=\"460\" height=\"443\" data-id=\"7277\" src=\"http:\/\/juventudes.social.mg.gov.br\/wp-content\/uploads\/2023\/09\/Imagem-do-WhatsApp-de-2023-09-15-as-22.38.56-e1694833489598.jpg\" alt=\"\" class=\"wp-image-7277\" srcset=\"https:\/\/juventudes.social.mg.gov.br\/wp-content\/uploads\/2023\/09\/Imagem-do-WhatsApp-de-2023-09-15-as-22.38.56-e1694833489598.jpg 460w, https:\/\/juventudes.social.mg.gov.br\/wp-content\/uploads\/2023\/09\/Imagem-do-WhatsApp-de-2023-09-15-as-22.38.56-e1694833489598-300x289.jpg 300w\" sizes=\"(max-width: 460px) 100vw, 460px\" \/><\/figure>\n\n\n\n<figure class=\"wp-block-image size-full\"><img decoding=\"async\" width=\"768\" height=\"701\" data-id=\"7276\" src=\"http:\/\/juventudes.social.mg.gov.br\/wp-content\/uploads\/2023\/09\/Imagem-do-WhatsApp-de-2023-09-15-as-22.38.56-3-e1694833548140.jpg\" alt=\"\" class=\"wp-image-7276\" srcset=\"https:\/\/juventudes.social.mg.gov.br\/wp-content\/uploads\/2023\/09\/Imagem-do-WhatsApp-de-2023-09-15-as-22.38.56-3-e1694833548140.jpg 768w, https:\/\/juventudes.social.mg.gov.br\/wp-content\/uploads\/2023\/09\/Imagem-do-WhatsApp-de-2023-09-15-as-22.38.56-3-e1694833548140-300x274.jpg 300w, https:\/\/juventudes.social.mg.gov.br\/wp-content\/uploads\/2023\/09\/Imagem-do-WhatsApp-de-2023-09-15-as-22.38.56-3-e1694833548140-600x548.jpg 600w\" sizes=\"(max-width: 768px) 100vw, 768px\" \/><\/figure>\n\n\n\n<figure class=\"wp-block-image size-full\"><img decoding=\"async\" width=\"848\" height=\"768\" data-id=\"7275\" src=\"http:\/\/juventudes.social.mg.gov.br\/wp-content\/uploads\/2023\/09\/Imagem-do-WhatsApp-de-2023-09-15-as-22.38.56-2-e1694833581979.jpg\" alt=\"\" class=\"wp-image-7275\" srcset=\"https:\/\/juventudes.social.mg.gov.br\/wp-content\/uploads\/2023\/09\/Imagem-do-WhatsApp-de-2023-09-15-as-22.38.56-2-e1694833581979.jpg 848w, https:\/\/juventudes.social.mg.gov.br\/wp-content\/uploads\/2023\/09\/Imagem-do-WhatsApp-de-2023-09-15-as-22.38.56-2-e1694833581979-300x272.jpg 300w, https:\/\/juventudes.social.mg.gov.br\/wp-content\/uploads\/2023\/09\/Imagem-do-WhatsApp-de-2023-09-15-as-22.38.56-2-e1694833581979-768x696.jpg 768w, https:\/\/juventudes.social.mg.gov.br\/wp-content\/uploads\/2023\/09\/Imagem-do-WhatsApp-de-2023-09-15-as-22.38.56-2-e1694833581979-600x543.jpg 600w\" sizes=\"(max-width: 848px) 100vw, 848px\" \/><\/figure>\n\n\n\n<figure class=\"wp-block-image size-full\"><img loading=\"lazy\" decoding=\"async\" width=\"1024\" height=\"576\" data-id=\"7272\" src=\"http:\/\/juventudes.social.mg.gov.br\/wp-content\/uploads\/2023\/09\/Imagem-do-WhatsApp-de-2023-09-15-as-22.38.56-6.jpg\" alt=\"\" class=\"wp-image-7272\" srcset=\"https:\/\/juventudes.social.mg.gov.br\/wp-content\/uploads\/2023\/09\/Imagem-do-WhatsApp-de-2023-09-15-as-22.38.56-6.jpg 1024w, https:\/\/juventudes.social.mg.gov.br\/wp-content\/uploads\/2023\/09\/Imagem-do-WhatsApp-de-2023-09-15-as-22.38.56-6-300x169.jpg 300w, https:\/\/juventudes.social.mg.gov.br\/wp-content\/uploads\/2023\/09\/Imagem-do-WhatsApp-de-2023-09-15-as-22.38.56-6-768x432.jpg 768w, https:\/\/juventudes.social.mg.gov.br\/wp-content\/uploads\/2023\/09\/Imagem-do-WhatsApp-de-2023-09-15-as-22.38.56-6-600x338.jpg 600w\" sizes=\"(max-width: 1024px) 100vw, 1024px\" \/><\/figure>\n\n\n\n<figure class=\"wp-block-image size-full\"><img loading=\"lazy\" decoding=\"async\" width=\"1024\" height=\"576\" data-id=\"7274\" src=\"http:\/\/juventudes.social.mg.gov.br\/wp-content\/uploads\/2023\/09\/Imagem-do-WhatsApp-de-2023-09-15-as-22.38.56-4.jpg\" alt=\"\" class=\"wp-image-7274\" srcset=\"https:\/\/juventudes.social.mg.gov.br\/wp-content\/uploads\/2023\/09\/Imagem-do-WhatsApp-de-2023-09-15-as-22.38.56-4.jpg 1024w, https:\/\/juventudes.social.mg.gov.br\/wp-content\/uploads\/2023\/09\/Imagem-do-WhatsApp-de-2023-09-15-as-22.38.56-4-300x169.jpg 300w, https:\/\/juventudes.social.mg.gov.br\/wp-content\/uploads\/2023\/09\/Imagem-do-WhatsApp-de-2023-09-15-as-22.38.56-4-768x432.jpg 768w, https:\/\/juventudes.social.mg.gov.br\/wp-content\/uploads\/2023\/09\/Imagem-do-WhatsApp-de-2023-09-15-as-22.38.56-4-600x338.jpg 600w\" sizes=\"(max-width: 1024px) 100vw, 1024px\" \/><\/figure>\n<\/figure>\n\n\n\n<p><\/p>\n\n\n\n<p>A SEJ tem como objetivo trocar experi\u00eancias e vis\u00f5es entre todos setores e entidades que envolvem as juventudes, por exemplo a participa\u00e7\u00e3o social, sa\u00fade, esporte, seguran\u00e7a, dignidade menstrual, empregabilidade, empreendedorismo, acesso \u00e0 cultura e diversos outras tem\u00e1ticas e agentes.<\/p>\n\n\n\n<p><\/p>\n\n\n\n<div class=\"wp-block-cover alignfull has-parallax\"><span aria-hidden=\"true\" class=\"wp-block-cover__background has-background-dim\"><\/span><div role=\"img\" class=\"wp-block-cover__image-background wp-image-7279 has-parallax\" style=\"background-position:50% 50%;background-image:url(http:\/\/juventudes.social.mg.gov.br\/wp-content\/uploads\/2023\/09\/Imagem-do-WhatsApp-de-2023-09-15-as-22.45.54-2.jpg)\"><\/div><div class=\"wp-block-cover__inner-container is-layout-flow wp-block-cover-is-layout-flow\">\n<p class=\"has-text-align-center has-large-font-size\">O Cejuve MG abriu o evento com a Sedese!<\/p>\n<\/div><\/div>\n\n\n\n<p> <\/p>\n\n\n\n<p>Em 2023 a proposta desenvolvida teve o intuito de envolver as diversidades das juventudes de Minas Gerais, levando a programa\u00e7\u00e3o para o interior e ampliando a possibilidade de participa\u00e7\u00e3o para jovens que nunca puderam ou poderiam, cada um por motivos diferentes, participar. Por esta raz\u00e3o as atividades mobilizaram jogos esportivos, oficinas de produ\u00e7\u00e3o, semin\u00e1rios, oficinas de sa\u00fade, de realidade virtual, de feiras e possibilidades de empreendedorismo. <\/p>\n\n\n\n<p><\/p>\n\n\n\n<figure class=\"wp-block-image alignwide size-large\"><img loading=\"lazy\" decoding=\"async\" width=\"1024\" height=\"768\" src=\"http:\/\/juventudes.social.mg.gov.br\/wp-content\/uploads\/2023\/09\/55-1024x768.jpg\" alt=\"\" class=\"wp-image-7281\" srcset=\"https:\/\/juventudes.social.mg.gov.br\/wp-content\/uploads\/2023\/09\/55-1024x768.jpg 1024w, https:\/\/juventudes.social.mg.gov.br\/wp-content\/uploads\/2023\/09\/55-300x225.jpg 300w, https:\/\/juventudes.social.mg.gov.br\/wp-content\/uploads\/2023\/09\/55-768x576.jpg 768w, https:\/\/juventudes.social.mg.gov.br\/wp-content\/uploads\/2023\/09\/55-600x450.jpg 600w, https:\/\/juventudes.social.mg.gov.br\/wp-content\/uploads\/2023\/09\/55-1200x900.jpg 1200w, https:\/\/juventudes.social.mg.gov.br\/wp-content\/uploads\/2023\/09\/55.jpg 1280w\" sizes=\"(max-width: 1024px) 100vw, 1024px\" \/><figcaption class=\"wp-element-caption\">Jogo amistoso entre Am\u00e9rica Futsal e o Socioeducativo<\/figcaption><\/figure>\n\n\n\n<p>Neste ano a Semana das Juventudes aconteceu tanto na capital quanto no interior. Houve a\u00e7\u00f5es em Belo Horizonte, na UniBH, no Centro de Refer\u00eancia das Juventudes (CRJ) e na Universidade do Estado de Minas Gerais (Uemg); em Ouro Branco, na Casa da Juventude; nas Diretorias Regionais da Sedese; em Nova Serrana; e nos Centros de Refer\u00eancia em Direitos Humanos, em Juiz de Fora e Te\u00f3filo Otoni. <\/p>\n\n\n\n<p><\/p>\n\n\n\n<figure class=\"wp-block-image alignfull size-large\"><img loading=\"lazy\" decoding=\"async\" width=\"1024\" height=\"605\" src=\"http:\/\/juventudes.social.mg.gov.br\/wp-content\/uploads\/2023\/09\/Imagem-do-WhatsApp-de-2023-09-15-as-22.45.51-1-e1694833935736-1024x605.jpg\" alt=\"\" class=\"wp-image-7282\" srcset=\"https:\/\/juventudes.social.mg.gov.br\/wp-content\/uploads\/2023\/09\/Imagem-do-WhatsApp-de-2023-09-15-as-22.45.51-1-e1694833935736-1024x605.jpg 1024w, https:\/\/juventudes.social.mg.gov.br\/wp-content\/uploads\/2023\/09\/Imagem-do-WhatsApp-de-2023-09-15-as-22.45.51-1-e1694833935736-300x177.jpg 300w, https:\/\/juventudes.social.mg.gov.br\/wp-content\/uploads\/2023\/09\/Imagem-do-WhatsApp-de-2023-09-15-as-22.45.51-1-e1694833935736-768x454.jpg 768w, https:\/\/juventudes.social.mg.gov.br\/wp-content\/uploads\/2023\/09\/Imagem-do-WhatsApp-de-2023-09-15-as-22.45.51-1-e1694833935736-600x354.jpg 600w, https:\/\/juventudes.social.mg.gov.br\/wp-content\/uploads\/2023\/09\/Imagem-do-WhatsApp-de-2023-09-15-as-22.45.51-1-e1694833935736.jpg 1107w\" sizes=\"(max-width: 1024px) 100vw, 1024px\" \/><figcaption class=\"wp-element-caption\">Jogo amistoso entre o Am\u00e9rica Futsal e o Socioeducativo<\/figcaption><\/figure>\n\n\n\n<p><\/p>\n\n\n\n<p>N\u00e3o podemos deixar de agradecer por todo o esfor\u00e7o de todos envolvidos, parceiros, apoiadores e equipes. Sem a constru\u00e7\u00e3o conjunta com a Sedese nada disso teria sido poss\u00edvel. <\/p>\n\n\n\n<p>Para mais informa\u00e7\u00f5es sugerimos o acesso \u00e0 programa\u00e7\u00e3o completa no portal <a href=\"https:\/\/serdh.mg.gov.br\/semanajuventude-2023\" title=\"SER-DH Semana Estadual das Juventudes 2023\">SER-DH &#8211; Semana Estadual das Juventudes 2023<\/a> e as mat\u00e9rias disponibilizadas pelo jornal <a href=\"https:\/\/www.otempo.com.br\/cidades\/semana-estadual-das-juventudes-2023-tem-programacao-diversa-para-jovens-mineiros-1.3173423\" title=\"O Tempo - Semana Estadual das Juventudes tem programa\u00e7\u00e3o diversa para jovens mineiros\">O Tempo &#8211; Semana Estadual das Juventudes tem programa\u00e7\u00e3o diversa para jovens mineiros<\/a> e pelas Secretarias de Estado de Educa\u00e7\u00e3o e de Desenvolvimento Social respectivamente &#8211; <a href=\"https:\/\/www.educacao.mg.gov.br\/estudantes-da-rede-estadual-protagonizam-programacao-da-semana-estadual-das-juventudes\/\" title=\"Estudantes da rede estadual protagonizam programa\u00e7\u00e3o da Semana Estadual das Juventudes\">Estudantes da rede estadual protagonizam programa\u00e7\u00e3o da Semana Estadual das Juventudes<\/a> e <a href=\"https:\/\/social.mg.gov.br\/noticias-artigos\/2044-ser-jovem-em-minas-gerais-e-tema-da-semana-estadual-das-juventudes\" title=\"Ser jovem em Minas Gerais \u00e9 tema da Semana Estadual das Juventudes\">Ser jovem em Minas Gerais \u00e9 tema da Semana Estadual das Juventudes<\/a>.<\/p>\n\n\n\n<figure class=\"wp-block-image size-large\"><img loading=\"lazy\" decoding=\"async\" width=\"1024\" height=\"614\" src=\"http:\/\/juventudes.social.mg.gov.br\/wp-content\/uploads\/2023\/09\/Inserir-um-titulo-9-1024x614.png\" alt=\"\" class=\"wp-image-7266\" srcset=\"https:\/\/juventudes.social.mg.gov.br\/wp-content\/uploads\/2023\/09\/Inserir-um-titulo-9-1024x614.png 1024w, https:\/\/juventudes.social.mg.gov.br\/wp-content\/uploads\/2023\/09\/Inserir-um-titulo-9-300x180.png 300w, https:\/\/juventudes.social.mg.gov.br\/wp-content\/uploads\/2023\/09\/Inserir-um-titulo-9-768x461.png 768w, https:\/\/juventudes.social.mg.gov.br\/wp-content\/uploads\/2023\/09\/Inserir-um-titulo-9-1536x922.png 1536w, https:\/\/juventudes.social.mg.gov.br\/wp-content\/uploads\/2023\/09\/Inserir-um-titulo-9-600x360.png 600w, https:\/\/juventudes.social.mg.gov.br\/wp-content\/uploads\/2023\/09\/Inserir-um-titulo-9-1200x720.png 1200w, https:\/\/juventudes.social.mg.gov.br\/wp-content\/uploads\/2023\/09\/Inserir-um-titulo-9.png 2000w\" sizes=\"(max-width: 1024px) 100vw, 1024px\" \/><figcaption class=\"wp-element-caption\">Simple image (default size)<\/figcaption><\/figure>\n\n\n\n<p><\/p>\n\n\n\n<p>A inten\u00e7\u00e3o \u00e9 que a partir deste ano a juventude mineira tenha garantido, por exemplo de possibilidade, que receber\u00e1 dos dias 12 a 18 de agosto momentos de transforma\u00e7\u00e3o social real. Cada vez mais ambiciosos esperamos ansiosamente pelo projeto do pr\u00f3ximo ano!<\/p>\n\n\n\n<p>Conselho Estadual de Juventude de Minas Gerais<\/p>\n","protected":false},"excerpt":{"rendered":"<p>A Semana Estadual das Juventudes \u00e9 um evento que acontece todo ano de 12 a 18 de agosto, por defini\u00e7\u00e3o em Lei. Em 2023 foi promovido pela Secretaria de Estado de Desenvolvimento Social, coordenado e organizado pela Subsecretaria de Direitos Humanos, com a parceria de diversas secretarias de estado, do Conselho Estadual de Juventude (Cejuve &hellip; <\/p>\n<p class=\"link-more\"><a href=\"https:\/\/juventudes.social.mg.gov.br\/?p=7267\" class=\"more-link\">Leia mais<span class=\"screen-reader-text\"> &#8220;Semana Estadual das Juventudes 2023&#8221;<\/span><\/a><\/p>\n","protected":false},"author":1,"featured_media":7270,"comment_status":"open","ping_status":"open","sticky":false,"template":"","format":"standard","meta":{"footnotes":""},"categories":[8],"tags":[],"class_list":["post-7267","post","type-post","status-publish","format-standard","has-post-thumbnail","hentry","category-eventos"],"aioseo_notices":[],"featured_media_urls":{"thumbnail":["https:\/\/juventudes.social.mg.gov.br\/wp-content\/uploads\/2023\/09\/Img_padrao_evento-e1694832769742-150x150.png",150,150,true],"medium":["https:\/\/juventudes.social.mg.gov.br\/wp-content\/uploads\/2023\/09\/Img_padrao_evento-e1694832769742-300x93.png",300,93,true],"medium_large":["https:\/\/juventudes.social.mg.gov.br\/wp-content\/uploads\/2023\/09\/Img_padrao_evento-e1694832769742-768x238.png",768,238,true],"large":["https:\/\/juventudes.social.mg.gov.br\/wp-content\/uploads\/2023\/09\/Img_padrao_evento-e1694832769742-1024x317.png",950,294,true],"1536x1536":["https:\/\/juventudes.social.mg.gov.br\/wp-content\/uploads\/2023\/09\/Img_padrao_evento-e1694832769742-1536x476.png",1536,476,true],"2048x2048":["https:\/\/juventudes.social.mg.gov.br\/wp-content\/uploads\/2023\/09\/Img_padrao_evento-e1694832769742.png",1600,496,false],"inspiro-featured-image":["https:\/\/juventudes.social.mg.gov.br\/wp-content\/uploads\/2023\/09\/Img_padrao_evento-e1694832769742.png",1600,496,false],"inspiro-loop":["https:\/\/juventudes.social.mg.gov.br\/wp-content\/uploads\/2023\/09\/Img_padrao_evento-e1694832769742-950x320.png",950,320,true],"inspiro-loop@2x":["https:\/\/juventudes.social.mg.gov.br\/wp-content\/uploads\/2023\/09\/Img_padrao_evento-1601x640.png",1601,640,true],"portfolio_item-thumbnail":["https:\/\/juventudes.social.mg.gov.br\/wp-content\/uploads\/2023\/09\/Img_padrao_evento-e1694832769742-600x400.png",600,400,true],"portfolio_item-thumbnail@2x":["https:\/\/juventudes.social.mg.gov.br\/wp-content\/uploads\/2023\/09\/Img_padrao_evento-e1694832769742-1200x496.png",1200,496,true],"portfolio_item-masonry":["https:\/\/juventudes.social.mg.gov.br\/wp-content\/uploads\/2023\/09\/Img_padrao_evento-e1694832769742-600x186.png",600,186,true],"portfolio_item-masonry@2x":["https:\/\/juventudes.social.mg.gov.br\/wp-content\/uploads\/2023\/09\/Img_padrao_evento-e1694832769742-1200x372.png",1200,372,true],"portfolio_item-thumbnail_cinema":["https:\/\/juventudes.social.mg.gov.br\/wp-content\/uploads\/2023\/09\/Img_padrao_evento-e1694832769742-800x335.png",800,335,true],"portfolio_item-thumbnail_portrait":["https:\/\/juventudes.social.mg.gov.br\/wp-content\/uploads\/2023\/09\/Img_padrao_evento-e1694832769742-600x496.png",600,496,true],"portfolio_item-thumbnail_portrait@2x":["https:\/\/juventudes.social.mg.gov.br\/wp-content\/uploads\/2023\/09\/Img_padrao_evento-e1694832769742-1200x496.png",1200,496,true],"portfolio_item-thumbnail_square":["https:\/\/juventudes.social.mg.gov.br\/wp-content\/uploads\/2023\/09\/Img_padrao_evento-e1694832769742-800x496.png",800,496,true]},"_links":{"self":[{"href":"https:\/\/juventudes.social.mg.gov.br\/index.php?rest_route=\/wp\/v2\/posts\/7267","targetHints":{"allow":["GET"]}}],"collection":[{"href":"https:\/\/juventudes.social.mg.gov.br\/index.php?rest_route=\/wp\/v2\/posts"}],"about":[{"href":"https:\/\/juventudes.social.mg.gov.br\/index.php?rest_route=\/wp\/v2\/types\/post"}],"author":[{"embeddable":true,"href":"https:\/\/juventudes.social.mg.gov.br\/index.php?rest_route=\/wp\/v2\/users\/1"}],"replies":[{"embeddable":true,"href":"https:\/\/juventudes.social.mg.gov.br\/index.php?rest_route=%2Fwp%2Fv2%2Fcomments&post=7267"}],"version-history":[{"count":13,"href":"https:\/\/juventudes.social.mg.gov.br\/index.php?rest_route=\/wp\/v2\/posts\/7267\/revisions"}],"predecessor-version":[{"id":7292,"href":"https:\/\/juventudes.social.mg.gov.br\/index.php?rest_route=\/wp\/v2\/posts\/7267\/revisions\/7292"}],"wp:featuredmedia":[{"embeddable":true,"href":"https:\/\/juventudes.social.mg.gov.br\/index.php?rest_route=\/wp\/v2\/media\/7270"}],"wp:attachment":[{"href":"https:\/\/juventudes.social.mg.gov.br\/index.php?rest_route=%2Fwp%2Fv2%2Fmedia&parent=7267"}],"wp:term":[{"taxonomy":"category","embeddable":true,"href":"https:\/\/juventudes.social.mg.gov.br\/index.php?rest_route=%2Fwp%2Fv2%2Fcategories&post=7267"},{"taxonomy":"post_tag","embeddable":true,"href":"https:\/\/juventudes.social.mg.gov.br\/index.php?rest_route=%2Fwp%2Fv2%2Ftags&post=7267"}],"curies":[{"name":"wp","href":"https:\/\/api.w.org\/{rel}","templated":true}]}}